{"id":2274,"date":"2019-10-18T10:35:38","date_gmt":"2019-10-18T10:35:38","guid":{"rendered":"https:\/\/www.traveldicted.com\/nl\/?p=2274"},"modified":"2020-03-29T13:31:04","modified_gmt":"2020-03-29T13:31:04","slug":"tip-10x-instagram-foto-spots-in-andalusie","status":"publish","type":"post","link":"https:\/\/www.traveldicted.com\/nl\/europa\/spanje\/andalusie\/tip-10x-instagram-foto-spots-in-andalusie\/","title":{"rendered":"Tip: 10x Instagram &#038; foto spots in Andalusi\u00eb"},"content":{"rendered":"<p><a href=\"https:\/\/www.traveldicted.com\/nl\/europa\/spanje\/andalusie\/\">Andalusi\u00eb<\/a> is een prachtige regio en je vindt hier een aantal mooie steden, zoals <a href=\"https:\/\/www.traveldicted.com\/nl\/europa\/spanje\/sevilla\/\">Sevilla<\/a>, <a href=\"https:\/\/www.traveldicted.com\/nl\/europa\/spanje\/cordoba\/\">C\u00f3rdoba<\/a> en <a href=\"https:\/\/www.traveldicted.com\/nl\/europa\/spanje\/ronda\">Ronda<\/a> met vele \u201cInstagrammable\u201d fotospots. In dit artikel vind je 10 Instagram en foto spots in Andalusi\u00eb. Als je geen Instagram hebt, dan kun je deze foto&#8217;s natuurlijk ook gebruiken voor in je fotoalbum!<\/p>\n<p><strong>Tip: Ik bewerk al mijn foto&#8217;s, zowel voor Instagram <a href=\"https:\/\/www.instagram.com\/travel.dicted\/\" target=\"_blank\" rel=\"noopener noreferrer\">@TRAVEL.DICTED<\/a> als mijn blog, met mijn zelfgemaakte gemaakte presets. <a href=\"https:\/\/www.traveldicted.com\/nl\/shop\/\">Deze presets, die ook wel voorinstellingen genoemd, kun je hier vinden!<\/a><\/strong><\/p>\n<div id=\"ez-toc-container\" class=\"ez-toc-v2_0_82_2 counter-hierarchy ez-toc-counter ez-toc-custom ez-toc-container-direction\">\n<div class=\"ez-toc-title-container\"><p class=\"ez-toc-title\" style=\"cursor:inherit\">Inhoudsopgave<\/p>\n<\/div><nav><ul class='ez-toc-list ez-toc-list-level-1 ' ><li class='ez-toc-page-1 ez-toc-heading-level-2'><a class=\"ez-toc-link ez-toc-heading-1\" href=\"https:\/\/www.traveldicted.com\/nl\/europa\/spanje\/andalusie\/tip-10x-instagram-foto-spots-in-andalusie\/#1_Plaza_de_Espana_in_Sevilla\" >1. Plaza de Espa\u00f1a in Sevilla<\/a><\/li><li class='ez-toc-page-1 ez-toc-heading-level-2'><a class=\"ez-toc-link ez-toc-heading-2\" href=\"https:\/\/www.traveldicted.com\/nl\/europa\/spanje\/andalusie\/tip-10x-instagram-foto-spots-in-andalusie\/#2_Mezquita_in_Cordoba\" >2. Mezquita in C\u00f3rdoba<\/a><\/li><li class='ez-toc-page-1 ez-toc-heading-level-2'><a class=\"ez-toc-link ez-toc-heading-3\" href=\"https:\/\/www.traveldicted.com\/nl\/europa\/spanje\/andalusie\/tip-10x-instagram-foto-spots-in-andalusie\/#3_Puente_Nuevo_in_Ronda\" >3. Puente Nuevo in Ronda<\/a><\/li><li class='ez-toc-page-1 ez-toc-heading-level-2'><a class=\"ez-toc-link ez-toc-heading-4\" href=\"https:\/\/www.traveldicted.com\/nl\/europa\/spanje\/andalusie\/tip-10x-instagram-foto-spots-in-andalusie\/#4_Plaza_de_Toros_in_Sevilla\" >4. Plaza de Toros in Sevilla<\/a><\/li><li class='ez-toc-page-1 ez-toc-heading-level-2'><a class=\"ez-toc-link ez-toc-heading-5\" href=\"https:\/\/www.traveldicted.com\/nl\/europa\/spanje\/andalusie\/tip-10x-instagram-foto-spots-in-andalusie\/#5_Alcazar_de_los_Reyes_Cristianos_in_Cordoba\" >5. Alc\u00e1zar de los Reyes Cristianos in C\u00f3rdoba<\/a><\/li><li class='ez-toc-page-1 ez-toc-heading-level-2'><a class=\"ez-toc-link ez-toc-heading-6\" href=\"https:\/\/www.traveldicted.com\/nl\/europa\/spanje\/andalusie\/tip-10x-instagram-foto-spots-in-andalusie\/#6_Metropol_Parasol\" >6. Metropol Parasol<\/a><\/li><li class='ez-toc-page-1 ez-toc-heading-level-2'><a class=\"ez-toc-link ez-toc-heading-7\" href=\"https:\/\/www.traveldicted.com\/nl\/europa\/spanje\/andalusie\/tip-10x-instagram-foto-spots-in-andalusie\/#7_Palacio_de_Viana_in_Cordoba\" >7. Palacio de Viana in C\u00f3rdoba<\/a><\/li><li class='ez-toc-page-1 ez-toc-heading-level-2'><a class=\"ez-toc-link ez-toc-heading-8\" href=\"https:\/\/www.traveldicted.com\/nl\/europa\/spanje\/andalusie\/tip-10x-instagram-foto-spots-in-andalusie\/#8_Real_Alcazar_in_Sevilla\" >8. Real Alc\u00e1zar in Sevilla<\/a><\/li><li class='ez-toc-page-1 ez-toc-heading-level-2'><a class=\"ez-toc-link ez-toc-heading-9\" href=\"https:\/\/www.traveldicted.com\/nl\/europa\/spanje\/andalusie\/tip-10x-instagram-foto-spots-in-andalusie\/#9_Casa_de_Pilatos_in_Sevilla\" >9. Casa de Pilatos in Sevilla<\/a><\/li><li class='ez-toc-page-1 ez-toc-heading-level-2'><a class=\"ez-toc-link ez-toc-heading-10\" href=\"https:\/\/www.traveldicted.com\/nl\/europa\/spanje\/andalusie\/tip-10x-instagram-foto-spots-in-andalusie\/#10_Souvenirshop_in_Cordoba\" >10. Souvenirshop in C\u00f3rdoba<\/a><\/li><\/ul><\/nav><\/div>\n<h2><span class=\"ez-toc-section\" id=\"1_Plaza_de_Espana_in_Sevilla\"><\/span>1. Plaza de Espa\u00f1a in Sevilla<span class=\"ez-toc-section-end\"><\/span><\/h2>\n<p>Het Plaza de Espa\u00f1a is een van de populairste pleinen van Sevilla. En dat is niet gek! Het plein is prachtig en wordt omringd door een halvemaanvormig paviljoen. Aan de voet van het gebouw vind je 52 kleurrijke moza\u00efeken, die een kleurrijk plaatje vormen. Het Plaza de Espa\u00f1a staat ook wel bekend als &#8216;het Veneti\u00eb van Sevilla&#8217;. Op het plein vind je namelijk een 500 meter lang kanaal. Via bruggetjes kun je het kanaal te voet oversteken en het middenplein betreden. Natuurlijk stop je wel even om op de brug om een mooi foto te maken!<\/p>\n<p>Locatie: <a href=\"https:\/\/goo.gl\/maps\/oyjpyMiaF4S7kHYH9\" target=\"_blank\" rel=\"noopener noreferrer\">Klik hier<\/a><\/p>\n<div id='gallery-1' class='gallery galleryid-2274 gallery-columns-3 gallery-size-thumbnail'><figure class='gallery-item'>\n\t\t\t<div class='gallery-icon landscape'>\n\t\t\t\t<a href='https:\/\/esjaw2wge86.exactdn.com\/nl\/wp-content\/uploads\/sites\/2\/2020\/02\/plaza-de-espana-seville-scaled.jpg?strip=all&w=2560'><img decoding=\"async\" width=\"150\" height=\"150\" src=\"https:\/\/esjaw2wge86.exactdn.com\/nl\/wp-content\/uploads\/sites\/2\/2020\/02\/plaza-de-espana-seville-150x150.jpg?strip=all\" class=\"attachment-thumbnail size-thumbnail\" alt=\"Plaza de Espa\u00f1a Sevilla\" srcset=\"https:\/\/esjaw2wge86.exactdn.com\/nl\/wp-content\/uploads\/sites\/2\/2020\/02\/plaza-de-espana-seville-150x150.jpg?strip=all 150w, https:\/\/esjaw2wge86.exactdn.com\/nl\/wp-content\/uploads\/sites\/2\/2020\/02\/plaza-de-espana-seville-278x278.jpg?strip=all 278w, https:\/\/esjaw2wge86.exactdn.com\/nl\/wp-content\/uploads\/sites\/2\/2020\/02\/plaza-de-espana-seville-247x247.jpg?strip=all 247w, https:\/\/esjaw2wge86.exactdn.com\/nl\/wp-content\/uploads\/sites\/2\/2020\/02\/plaza-de-espana-seville-scaled.jpg?strip=all&amp;zoom=0.4&amp;resize=150%2C150 60w, https:\/\/esjaw2wge86.exactdn.com\/nl\/wp-content\/uploads\/sites\/2\/2020\/02\/plaza-de-espana-seville-scaled.jpg?strip=all&amp;zoom=3&amp;resize=150%2C150 450w\" sizes=\"(max-width: 150px) 100vw, 150px\" \/><\/a>\n\t\t\t<\/div><\/figure><figure class='gallery-item'>\n\t\t\t<div class='gallery-icon landscape'>\n\t\t\t\t<a href='https:\/\/esjaw2wge86.exactdn.com\/nl\/wp-content\/uploads\/sites\/2\/2020\/02\/wat-te-doen-in-sevilla-scaled.jpg?strip=all&w=2560'><img decoding=\"async\" width=\"150\" height=\"150\" src=\"https:\/\/esjaw2wge86.exactdn.com\/nl\/wp-content\/uploads\/sites\/2\/2020\/02\/wat-te-doen-in-sevilla-150x150.jpg?strip=all\" class=\"attachment-thumbnail size-thumbnail\" alt=\"Wat te doen in Sevilla\" srcset=\"https:\/\/esjaw2wge86.exactdn.com\/nl\/wp-content\/uploads\/sites\/2\/2020\/02\/wat-te-doen-in-sevilla-150x150.jpg?strip=all 150w, https:\/\/esjaw2wge86.exactdn.com\/nl\/wp-content\/uploads\/sites\/2\/2020\/02\/wat-te-doen-in-sevilla-278x278.jpg?strip=all 278w, https:\/\/esjaw2wge86.exactdn.com\/nl\/wp-content\/uploads\/sites\/2\/2020\/02\/wat-te-doen-in-sevilla-247x247.jpg?strip=all 247w, https:\/\/esjaw2wge86.exactdn.com\/nl\/wp-content\/uploads\/sites\/2\/2020\/02\/wat-te-doen-in-sevilla-scaled.jpg?strip=all&amp;zoom=0.4&amp;resize=150%2C150 60w, https:\/\/esjaw2wge86.exactdn.com\/nl\/wp-content\/uploads\/sites\/2\/2020\/02\/wat-te-doen-in-sevilla-scaled.jpg?strip=all&amp;zoom=3&amp;resize=150%2C150 450w\" sizes=\"(max-width: 150px) 100vw, 150px\" \/><\/a>\n\t\t\t<\/div><\/figure><figure class='gallery-item'>\n\t\t\t<div class='gallery-icon landscape'>\n\t\t\t\t<a href='https:\/\/esjaw2wge86.exactdn.com\/nl\/wp-content\/uploads\/sites\/2\/2020\/02\/plaza-espana-brug-scaled.jpg?strip=all&w=2560'><img decoding=\"async\" width=\"150\" height=\"150\" src=\"https:\/\/esjaw2wge86.exactdn.com\/nl\/wp-content\/uploads\/sites\/2\/2020\/02\/plaza-espana-brug-150x150.jpg?strip=all\" class=\"attachment-thumbnail size-thumbnail\" alt=\"Plaza de Espa\u00f1a Brug\" srcset=\"https:\/\/esjaw2wge86.exactdn.com\/nl\/wp-content\/uploads\/sites\/2\/2020\/02\/plaza-espana-brug-150x150.jpg?strip=all 150w, https:\/\/esjaw2wge86.exactdn.com\/nl\/wp-content\/uploads\/sites\/2\/2020\/02\/plaza-espana-brug-278x278.jpg?strip=all 278w, https:\/\/esjaw2wge86.exactdn.com\/nl\/wp-content\/uploads\/sites\/2\/2020\/02\/plaza-espana-brug-247x247.jpg?strip=all 247w, https:\/\/esjaw2wge86.exactdn.com\/nl\/wp-content\/uploads\/sites\/2\/2020\/02\/plaza-espana-brug-scaled.jpg?strip=all&amp;zoom=0.4&amp;resize=150%2C150 60w, https:\/\/esjaw2wge86.exactdn.com\/nl\/wp-content\/uploads\/sites\/2\/2020\/02\/plaza-espana-brug-scaled.jpg?strip=all&amp;zoom=3&amp;resize=150%2C150 450w\" sizes=\"(max-width: 150px) 100vw, 150px\" \/><\/a>\n\t\t\t<\/div><\/figure>\n\t\t<\/div>\n\n<h2><span class=\"ez-toc-section\" id=\"2_Mezquita_in_Cordoba\"><\/span>2. Mezquita in C\u00f3rdoba<span class=\"ez-toc-section-end\"><\/span><\/h2>\n<p>De Mezquita is de kathedraal van C\u00f3rdoba, die samen met de binnenstad behoort tot de Werelderfgoedlijst van UNESCO. In eerste instantie diende de kathedraal als moskee en dit is dan ook terug te zien in de stijl van de kathedraal. Binnen staan namelijk 860 rood met witte zuilen, die zorgen voor een heel tof plaatje. Pak je camera en schieten maar!<\/p>\n<p>Locatie: <a href=\"https:\/\/goo.gl\/maps\/zLg4ECjdEhTAnt9R6\" target=\"_blank\" rel=\"noopener noreferrer\">Klik hier<\/a><\/p>\n<p><img loading=\"lazy\" decoding=\"async\" class=\"alignnone size-large wp-image-1906\" src=\"https:\/\/esjaw2wge86.exactdn.com\/nl\/wp-content\/uploads\/sites\/2\/2020\/02\/Mezquita-binnen-1024x683.jpg?strip=all\" alt=\"Meziquita zuilen rood wit\" width=\"1024\" height=\"683\" srcset=\"https:\/\/esjaw2wge86.exactdn.com\/nl\/wp-content\/uploads\/sites\/2\/2020\/02\/Mezquita-binnen-1024x683.jpg?strip=all 1024w, https:\/\/esjaw2wge86.exactdn.com\/nl\/wp-content\/uploads\/sites\/2\/2020\/02\/Mezquita-binnen-300x200.jpg?strip=all 300w, https:\/\/esjaw2wge86.exactdn.com\/nl\/wp-content\/uploads\/sites\/2\/2020\/02\/Mezquita-binnen-768x512.jpg?strip=all 768w, https:\/\/esjaw2wge86.exactdn.com\/nl\/wp-content\/uploads\/sites\/2\/2020\/02\/Mezquita-binnen-1536x1024.jpg?strip=all 1536w, https:\/\/esjaw2wge86.exactdn.com\/nl\/wp-content\/uploads\/sites\/2\/2020\/02\/Mezquita-binnen-2048x1365.jpg?strip=all 2048w, https:\/\/esjaw2wge86.exactdn.com\/nl\/wp-content\/uploads\/sites\/2\/2020\/02\/Mezquita-binnen-1920x1280.jpg?strip=all 1920w, https:\/\/esjaw2wge86.exactdn.com\/nl\/wp-content\/uploads\/sites\/2\/2020\/02\/Mezquita-binnen-600x400.jpg?strip=all 600w, https:\/\/esjaw2wge86.exactdn.com\/nl\/wp-content\/uploads\/sites\/2\/2020\/02\/Mezquita-binnen-800x533.jpg?strip=all 800w, https:\/\/esjaw2wge86.exactdn.com\/nl\/wp-content\/uploads\/sites\/2\/2020\/02\/Mezquita-binnen-227x152.jpg?strip=all 227w, https:\/\/esjaw2wge86.exactdn.com\/nl\/wp-content\/uploads\/sites\/2\/2020\/02\/Mezquita-binnen-143x96.jpg?strip=all 143w, https:\/\/esjaw2wge86.exactdn.com\/nl\/wp-content\/uploads\/sites\/2\/2020\/02\/Mezquita-binnen-585x390.jpg?strip=all 585w, https:\/\/esjaw2wge86.exactdn.com\/nl\/wp-content\/uploads\/sites\/2\/2020\/02\/Mezquita-binnen-385x257.jpg?strip=all 385w, https:\/\/esjaw2wge86.exactdn.com\/nl\/wp-content\/uploads\/sites\/2\/2020\/02\/Mezquita-binnen-scaled.jpg?strip=all&amp;w=512 512w, https:\/\/esjaw2wge86.exactdn.com\/nl\/wp-content\/uploads\/sites\/2\/2020\/02\/Mezquita-binnen-scaled.jpg?strip=all 2560w, https:\/\/esjaw2wge86.exactdn.com\/nl\/wp-content\/uploads\/sites\/2\/2020\/02\/Mezquita-binnen-scaled.jpg?strip=all&amp;w=450 450w\" sizes=\"(max-width: 1024px) 100vw, 1024px\" \/><\/p>\n<h2><span class=\"ez-toc-section\" id=\"3_Puente_Nuevo_in_Ronda\"><\/span>3. Puente Nuevo in Ronda<span class=\"ez-toc-section-end\"><\/span><\/h2>\n<p>De Puente Nuevo is een gigantische brug in Ronda. Ronda wordt in twee\u00ebn gesplitst door rivier Guadalev\u00edn, die een diepe kloof heeft uitgesneden. Deze kloof wordt ook wel Tajo de Ronda genoemd. De Puente Nuevo heeft een hoogte van bijna 100 meter en is \u00e9\u00e9n van de drie bruggen die de stad aan elkaar verbindt. Om uit te kijken op de brug dien je eerst een stuk naar beneden te lopen. De exacte locatie van het uitzichtpunt vind je hieronder.<\/p>\n<p>Locatie: <a href=\"https:\/\/goo.gl\/maps\/go2ssDFrE3c7bmCH6\" target=\"_blank\" rel=\"noopener noreferrer\">Klik hier<\/a><\/p>\n<p><img loading=\"lazy\" decoding=\"async\" class=\"alignnone size-large wp-image-2276\" src=\"https:\/\/esjaw2wge86.exactdn.com\/nl\/wp-content\/uploads\/sites\/2\/2020\/03\/IMG_9219-1024x683.jpg?strip=all\" alt=\"Puente Nuevo in Ronda\" width=\"1024\" height=\"683\" srcset=\"https:\/\/esjaw2wge86.exactdn.com\/nl\/wp-content\/uploads\/sites\/2\/2020\/03\/IMG_9219-1024x683.jpg?strip=all 1024w, https:\/\/esjaw2wge86.exactdn.com\/nl\/wp-content\/uploads\/sites\/2\/2020\/03\/IMG_9219-300x200.jpg?strip=all 300w, https:\/\/esjaw2wge86.exactdn.com\/nl\/wp-content\/uploads\/sites\/2\/2020\/03\/IMG_9219-768x512.jpg?strip=all 768w, https:\/\/esjaw2wge86.exactdn.com\/nl\/wp-content\/uploads\/sites\/2\/2020\/03\/IMG_9219-1536x1024.jpg?strip=all 1536w, https:\/\/esjaw2wge86.exactdn.com\/nl\/wp-content\/uploads\/sites\/2\/2020\/03\/IMG_9219-2048x1365.jpg?strip=all 2048w, https:\/\/esjaw2wge86.exactdn.com\/nl\/wp-content\/uploads\/sites\/2\/2020\/03\/IMG_9219-1920x1280.jpg?strip=all 1920w, https:\/\/esjaw2wge86.exactdn.com\/nl\/wp-content\/uploads\/sites\/2\/2020\/03\/IMG_9219-600x400.jpg?strip=all 600w, https:\/\/esjaw2wge86.exactdn.com\/nl\/wp-content\/uploads\/sites\/2\/2020\/03\/IMG_9219-800x533.jpg?strip=all 800w, https:\/\/esjaw2wge86.exactdn.com\/nl\/wp-content\/uploads\/sites\/2\/2020\/03\/IMG_9219-227x152.jpg?strip=all 227w, https:\/\/esjaw2wge86.exactdn.com\/nl\/wp-content\/uploads\/sites\/2\/2020\/03\/IMG_9219-143x96.jpg?strip=all 143w, https:\/\/esjaw2wge86.exactdn.com\/nl\/wp-content\/uploads\/sites\/2\/2020\/03\/IMG_9219-585x390.jpg?strip=all 585w, https:\/\/esjaw2wge86.exactdn.com\/nl\/wp-content\/uploads\/sites\/2\/2020\/03\/IMG_9219-385x257.jpg?strip=all 385w, https:\/\/esjaw2wge86.exactdn.com\/nl\/wp-content\/uploads\/sites\/2\/2020\/03\/IMG_9219-scaled.jpg?strip=all&amp;w=512 512w, https:\/\/esjaw2wge86.exactdn.com\/nl\/wp-content\/uploads\/sites\/2\/2020\/03\/IMG_9219-scaled.jpg?strip=all 2560w, https:\/\/esjaw2wge86.exactdn.com\/nl\/wp-content\/uploads\/sites\/2\/2020\/03\/IMG_9219-scaled.jpg?strip=all&amp;w=450 450w\" sizes=\"(max-width: 1024px) 100vw, 1024px\" \/><\/p>\n<h2><span class=\"ez-toc-section\" id=\"4_Plaza_de_Toros_in_Sevilla\"><\/span>4. Plaza de Toros in Sevilla<span class=\"ez-toc-section-end\"><\/span><\/h2>\n<p>Plaza de Toros is een stierenvechtarena in Sevilla die officieel is uitgeroepen tot Bezienswaardigheid van Cultureel Belang. Daarnaast is het de derde meest bezochte bezienswaardigheid in Sevilla. Door middel van een tour kun je de Plaza de Toros van binnen bekijken \u00e9n een toffe foto maken midden in de arena! Niet alleen een mooie ervaring, maar ook een mooi plaatje rijker :).<\/p>\n<p>Locatie: <a href=\"https:\/\/goo.gl\/maps\/Fjafgf6tT2pfDRoR8\" target=\"_blank\" rel=\"noopener noreferrer\">Klik hier<\/a><\/p>\n<p><img loading=\"lazy\" decoding=\"async\" class=\"alignnone size-large wp-image-2264\" src=\"https:\/\/esjaw2wge86.exactdn.com\/nl\/wp-content\/uploads\/sites\/2\/2019\/10\/IMG_9369-1024x683.jpg?strip=all\" alt=\"Auto reisroute Andalusi\u00eb\" width=\"1024\" height=\"683\" srcset=\"https:\/\/esjaw2wge86.exactdn.com\/nl\/wp-content\/uploads\/sites\/2\/2019\/10\/IMG_9369-1024x683.jpg?strip=all 1024w, https:\/\/esjaw2wge86.exactdn.com\/nl\/wp-content\/uploads\/sites\/2\/2019\/10\/IMG_9369-300x200.jpg?strip=all 300w, https:\/\/esjaw2wge86.exactdn.com\/nl\/wp-content\/uploads\/sites\/2\/2019\/10\/IMG_9369-768x512.jpg?strip=all 768w, https:\/\/esjaw2wge86.exactdn.com\/nl\/wp-content\/uploads\/sites\/2\/2019\/10\/IMG_9369-1536x1024.jpg?strip=all 1536w, https:\/\/esjaw2wge86.exactdn.com\/nl\/wp-content\/uploads\/sites\/2\/2019\/10\/IMG_9369-2048x1365.jpg?strip=all 2048w, https:\/\/esjaw2wge86.exactdn.com\/nl\/wp-content\/uploads\/sites\/2\/2019\/10\/IMG_9369-1920x1280.jpg?strip=all 1920w, https:\/\/esjaw2wge86.exactdn.com\/nl\/wp-content\/uploads\/sites\/2\/2019\/10\/IMG_9369-600x400.jpg?strip=all 600w, https:\/\/esjaw2wge86.exactdn.com\/nl\/wp-content\/uploads\/sites\/2\/2019\/10\/IMG_9369-800x533.jpg?strip=all 800w, https:\/\/esjaw2wge86.exactdn.com\/nl\/wp-content\/uploads\/sites\/2\/2019\/10\/IMG_9369-227x152.jpg?strip=all 227w, https:\/\/esjaw2wge86.exactdn.com\/nl\/wp-content\/uploads\/sites\/2\/2019\/10\/IMG_9369-143x96.jpg?strip=all 143w, https:\/\/esjaw2wge86.exactdn.com\/nl\/wp-content\/uploads\/sites\/2\/2019\/10\/IMG_9369-585x390.jpg?strip=all 585w, https:\/\/esjaw2wge86.exactdn.com\/nl\/wp-content\/uploads\/sites\/2\/2019\/10\/IMG_9369-385x257.jpg?strip=all 385w, https:\/\/esjaw2wge86.exactdn.com\/nl\/wp-content\/uploads\/sites\/2\/2019\/10\/IMG_9369-scaled.jpg?strip=all&amp;w=512 512w, https:\/\/esjaw2wge86.exactdn.com\/nl\/wp-content\/uploads\/sites\/2\/2019\/10\/IMG_9369-scaled.jpg?strip=all 2560w, https:\/\/esjaw2wge86.exactdn.com\/nl\/wp-content\/uploads\/sites\/2\/2019\/10\/IMG_9369-scaled.jpg?strip=all&amp;w=450 450w\" sizes=\"(max-width: 1024px) 100vw, 1024px\" \/><\/p>\n<h2><span class=\"ez-toc-section\" id=\"5_Alcazar_de_los_Reyes_Cristianos_in_Cordoba\"><\/span>5. Alc\u00e1zar de los Reyes Cristianos in C\u00f3rdoba<span class=\"ez-toc-section-end\"><\/span><\/h2>\n<p>Het Alc\u00e1zar de los Reyes Cristianos is een middeleeuws paleis dat heeft gediend als woning van verschillende katholieke vorsten. Je vindt hier een aantal binnenplaatsen, Koninklijke Stallen, moza\u00efeken en prachtige tuinen. De tuin is de perfecte plek om een aantal mooie foto&#8217;s te maken. Planten, bloemen, beelden en waterpartijen. Je vindt het hier allemaal!<\/p>\n<p>Locatie: <a href=\"https:\/\/goo.gl\/maps\/cC63GWySVxok4yhq9\" target=\"_blank\" rel=\"noopener noreferrer\">Klik hier<\/a><\/p>\n<p><img loading=\"lazy\" decoding=\"async\" class=\"alignnone size-large wp-image-140\" src=\"https:\/\/esjaw2wge86.exactdn.com\/nl\/wp-content\/uploads\/sites\/2\/2020\/01\/IMG_8918-1024x683.jpg?strip=all\" alt=\"C\u00f3rdoba\" width=\"1024\" height=\"683\" \/><\/p>\n<h2><span class=\"ez-toc-section\" id=\"6_Metropol_Parasol\"><\/span>6. Metropol Parasol<span class=\"ez-toc-section-end\"><\/span><\/h2>\n<p>Metropol Parasol is een grote, houten constructie die dient als versiering. Vroeger stond er op deze plek een markt die uiteindelijk werd gesloopt, omdat er een ondergrondse parkeerplaats gebouwd zou worden. De bouw van de parkeerplaats ging uiteindelijk niet door, omdat men overblijfselen van een Romeinse kolonie aantrof. Om deze plek te laten integreren in het alledaagse straatbeeld, organiseerde het Sevilla Urban Planning Agency in 2004 een internationale wedstrijd. De wedstrijd werd gewonnen door J. Mayer H. Architects, een Berlijns architectenbureau, dat Metropol Parasol heeft ontworpen. Een bijzonder object dat zeker een foto waard is!<\/p>\n<p>Locatie: <a href=\"https:\/\/goo.gl\/maps\/szKdWphTtGsfie7RA\" target=\"_blank\" rel=\"noopener noreferrer\">Klik hier<\/a><\/p>\n<p><img loading=\"lazy\" decoding=\"async\" class=\"alignnone size-large wp-image-1420\" src=\"https:\/\/esjaw2wge86.exactdn.com\/nl\/wp-content\/uploads\/sites\/2\/2020\/02\/metropol-parasol-1024x683.jpg?strip=all\" alt=\"Las Setas de la Encarnaci\u00f3n\" width=\"1024\" height=\"683\" srcset=\"https:\/\/esjaw2wge86.exactdn.com\/nl\/wp-content\/uploads\/sites\/2\/2020\/02\/metropol-parasol-1024x683.jpg?strip=all 1024w, https:\/\/esjaw2wge86.exactdn.com\/nl\/wp-content\/uploads\/sites\/2\/2020\/02\/metropol-parasol-300x200.jpg?strip=all 300w, https:\/\/esjaw2wge86.exactdn.com\/nl\/wp-content\/uploads\/sites\/2\/2020\/02\/metropol-parasol-768x512.jpg?strip=all 768w, https:\/\/esjaw2wge86.exactdn.com\/nl\/wp-content\/uploads\/sites\/2\/2020\/02\/metropol-parasol-1536x1024.jpg?strip=all 1536w, https:\/\/esjaw2wge86.exactdn.com\/nl\/wp-content\/uploads\/sites\/2\/2020\/02\/metropol-parasol-2048x1365.jpg?strip=all 2048w, https:\/\/esjaw2wge86.exactdn.com\/nl\/wp-content\/uploads\/sites\/2\/2020\/02\/metropol-parasol-1920x1280.jpg?strip=all 1920w, https:\/\/esjaw2wge86.exactdn.com\/nl\/wp-content\/uploads\/sites\/2\/2020\/02\/metropol-parasol-600x400.jpg?strip=all 600w, https:\/\/esjaw2wge86.exactdn.com\/nl\/wp-content\/uploads\/sites\/2\/2020\/02\/metropol-parasol-800x533.jpg?strip=all 800w, https:\/\/esjaw2wge86.exactdn.com\/nl\/wp-content\/uploads\/sites\/2\/2020\/02\/metropol-parasol-227x152.jpg?strip=all 227w, https:\/\/esjaw2wge86.exactdn.com\/nl\/wp-content\/uploads\/sites\/2\/2020\/02\/metropol-parasol-143x96.jpg?strip=all 143w, https:\/\/esjaw2wge86.exactdn.com\/nl\/wp-content\/uploads\/sites\/2\/2020\/02\/metropol-parasol-585x390.jpg?strip=all 585w, https:\/\/esjaw2wge86.exactdn.com\/nl\/wp-content\/uploads\/sites\/2\/2020\/02\/metropol-parasol-385x257.jpg?strip=all 385w, https:\/\/esjaw2wge86.exactdn.com\/nl\/wp-content\/uploads\/sites\/2\/2020\/02\/metropol-parasol-scaled.jpg?strip=all&amp;w=512 512w, https:\/\/esjaw2wge86.exactdn.com\/nl\/wp-content\/uploads\/sites\/2\/2020\/02\/metropol-parasol-scaled.jpg?strip=all 2560w, https:\/\/esjaw2wge86.exactdn.com\/nl\/wp-content\/uploads\/sites\/2\/2020\/02\/metropol-parasol-scaled.jpg?strip=all&amp;w=450 450w\" sizes=\"(max-width: 1024px) 100vw, 1024px\" \/><\/p>\n<h2><span class=\"ez-toc-section\" id=\"7_Palacio_de_Viana_in_Cordoba\"><\/span>7. Palacio de Viana in C\u00f3rdoba<span class=\"ez-toc-section-end\"><\/span><\/h2>\n<p>Het Palacio de Viana is een landhuis met 12 prachtige binnenplaatsen (patio\u2019s) en een tuin. Elke binnenplaats die je binnenstapt is uniek en ze zijn allemaal erg fotogeniek. Palacia de Viana heeft een oppervlakte van 6.500 m\u00b2, dus ik weet zeker dat je het huis verlaat met talloze mooie foto&#8217;s!<\/p>\n<p>Locatie: <a href=\"https:\/\/goo.gl\/maps\/MLCLqcnZXF1VXYzAA\" target=\"_blank\" rel=\"noopener noreferrer\">Klik hier<\/a><\/p>\n<p><img loading=\"lazy\" decoding=\"async\" class=\"alignnone size-large wp-image-1897\" src=\"https:\/\/esjaw2wge86.exactdn.com\/nl\/wp-content\/uploads\/sites\/2\/2020\/02\/palacia-de-viana-cordoba-1024x683.jpg?strip=all\" alt=\"Palacio de Viana\" width=\"1024\" height=\"683\" srcset=\"https:\/\/esjaw2wge86.exactdn.com\/nl\/wp-content\/uploads\/sites\/2\/2020\/02\/palacia-de-viana-cordoba-1024x683.jpg?strip=all 1024w, https:\/\/esjaw2wge86.exactdn.com\/nl\/wp-content\/uploads\/sites\/2\/2020\/02\/palacia-de-viana-cordoba-300x200.jpg?strip=all 300w, https:\/\/esjaw2wge86.exactdn.com\/nl\/wp-content\/uploads\/sites\/2\/2020\/02\/palacia-de-viana-cordoba-768x512.jpg?strip=all 768w, https:\/\/esjaw2wge86.exactdn.com\/nl\/wp-content\/uploads\/sites\/2\/2020\/02\/palacia-de-viana-cordoba-1536x1024.jpg?strip=all 1536w, https:\/\/esjaw2wge86.exactdn.com\/nl\/wp-content\/uploads\/sites\/2\/2020\/02\/palacia-de-viana-cordoba-2048x1365.jpg?strip=all 2048w, https:\/\/esjaw2wge86.exactdn.com\/nl\/wp-content\/uploads\/sites\/2\/2020\/02\/palacia-de-viana-cordoba-1920x1280.jpg?strip=all 1920w, https:\/\/esjaw2wge86.exactdn.com\/nl\/wp-content\/uploads\/sites\/2\/2020\/02\/palacia-de-viana-cordoba-600x400.jpg?strip=all 600w, https:\/\/esjaw2wge86.exactdn.com\/nl\/wp-content\/uploads\/sites\/2\/2020\/02\/palacia-de-viana-cordoba-800x533.jpg?strip=all 800w, https:\/\/esjaw2wge86.exactdn.com\/nl\/wp-content\/uploads\/sites\/2\/2020\/02\/palacia-de-viana-cordoba-227x152.jpg?strip=all 227w, https:\/\/esjaw2wge86.exactdn.com\/nl\/wp-content\/uploads\/sites\/2\/2020\/02\/palacia-de-viana-cordoba-143x96.jpg?strip=all 143w, https:\/\/esjaw2wge86.exactdn.com\/nl\/wp-content\/uploads\/sites\/2\/2020\/02\/palacia-de-viana-cordoba-585x390.jpg?strip=all 585w, https:\/\/esjaw2wge86.exactdn.com\/nl\/wp-content\/uploads\/sites\/2\/2020\/02\/palacia-de-viana-cordoba-385x257.jpg?strip=all 385w, https:\/\/esjaw2wge86.exactdn.com\/nl\/wp-content\/uploads\/sites\/2\/2020\/02\/palacia-de-viana-cordoba-scaled.jpg?strip=all&amp;w=512 512w, https:\/\/esjaw2wge86.exactdn.com\/nl\/wp-content\/uploads\/sites\/2\/2020\/02\/palacia-de-viana-cordoba-scaled.jpg?strip=all 2560w, https:\/\/esjaw2wge86.exactdn.com\/nl\/wp-content\/uploads\/sites\/2\/2020\/02\/palacia-de-viana-cordoba-scaled.jpg?strip=all&amp;w=450 450w\" sizes=\"(max-width: 1024px) 100vw, 1024px\" \/><\/p>\n<h2><span class=\"ez-toc-section\" id=\"8_Real_Alcazar_in_Sevilla\"><\/span>8. Real Alc\u00e1zar in Sevilla<span class=\"ez-toc-section-end\"><\/span><\/h2>\n<p>Het Real Alc\u00e1zar is het koninklijk paleis van de stad. Het Alc\u00e1zar is een van de oudste koninklijke paleizen ter wereld die nog steeds in gebruik is en staat op de Werelderfgoedlijst van UNESCO. De grond waarop het paleis is gebouwd, heeft een oppervlakte van bijna 100.000 vierkante meter, waarvan ongeveer 75 procent tuin is. In het paleis vind je prachtige ruimtes, patio\u2019s en pleinen in verschillende stijlen. Toegegeven, het is er vaak erg druk, dus je moet goed je best doen om een goede foto te schieten. Als het je lukt, dan is dit de perfecte spot om een &#8216;Instagrammable&#8217; plaatje te schieten!<\/p>\n<p>Locatie: <a href=\"https:\/\/goo.gl\/maps\/5gV1XJrJvzEwQQ826\" target=\"_blank\" rel=\"noopener noreferrer\">Klik hier<\/a><\/p>\n<p><img loading=\"lazy\" decoding=\"async\" class=\"alignnone size-large wp-image-2277\" src=\"https:\/\/esjaw2wge86.exactdn.com\/nl\/wp-content\/uploads\/sites\/2\/2020\/03\/IMG_2523-1024x683.jpg?strip=all\" alt=\"Real Alc\u00e1zar in Sevilla\" width=\"1024\" height=\"683\" srcset=\"https:\/\/esjaw2wge86.exactdn.com\/nl\/wp-content\/uploads\/sites\/2\/2020\/03\/IMG_2523-1024x683.jpg?strip=all 1024w, https:\/\/esjaw2wge86.exactdn.com\/nl\/wp-content\/uploads\/sites\/2\/2020\/03\/IMG_2523-300x200.jpg?strip=all 300w, https:\/\/esjaw2wge86.exactdn.com\/nl\/wp-content\/uploads\/sites\/2\/2020\/03\/IMG_2523-768x512.jpg?strip=all 768w, https:\/\/esjaw2wge86.exactdn.com\/nl\/wp-content\/uploads\/sites\/2\/2020\/03\/IMG_2523-1536x1024.jpg?strip=all 1536w, https:\/\/esjaw2wge86.exactdn.com\/nl\/wp-content\/uploads\/sites\/2\/2020\/03\/IMG_2523-2048x1365.jpg?strip=all 2048w, https:\/\/esjaw2wge86.exactdn.com\/nl\/wp-content\/uploads\/sites\/2\/2020\/03\/IMG_2523-1920x1280.jpg?strip=all 1920w, https:\/\/esjaw2wge86.exactdn.com\/nl\/wp-content\/uploads\/sites\/2\/2020\/03\/IMG_2523-600x400.jpg?strip=all 600w, https:\/\/esjaw2wge86.exactdn.com\/nl\/wp-content\/uploads\/sites\/2\/2020\/03\/IMG_2523-800x533.jpg?strip=all 800w, https:\/\/esjaw2wge86.exactdn.com\/nl\/wp-content\/uploads\/sites\/2\/2020\/03\/IMG_2523-227x152.jpg?strip=all 227w, https:\/\/esjaw2wge86.exactdn.com\/nl\/wp-content\/uploads\/sites\/2\/2020\/03\/IMG_2523-143x96.jpg?strip=all 143w, https:\/\/esjaw2wge86.exactdn.com\/nl\/wp-content\/uploads\/sites\/2\/2020\/03\/IMG_2523-585x390.jpg?strip=all 585w, https:\/\/esjaw2wge86.exactdn.com\/nl\/wp-content\/uploads\/sites\/2\/2020\/03\/IMG_2523-385x257.jpg?strip=all 385w, https:\/\/esjaw2wge86.exactdn.com\/nl\/wp-content\/uploads\/sites\/2\/2020\/03\/IMG_2523-scaled.jpg?strip=all&amp;w=512 512w, https:\/\/esjaw2wge86.exactdn.com\/nl\/wp-content\/uploads\/sites\/2\/2020\/03\/IMG_2523-scaled.jpg?strip=all 2560w, https:\/\/esjaw2wge86.exactdn.com\/nl\/wp-content\/uploads\/sites\/2\/2020\/03\/IMG_2523-scaled.jpg?strip=all&amp;w=450 450w\" sizes=\"(max-width: 1024px) 100vw, 1024px\" \/><\/p>\n<h2><span class=\"ez-toc-section\" id=\"9_Casa_de_Pilatos_in_Sevilla\"><\/span>9. Casa de Pilatos in Sevilla<span class=\"ez-toc-section-end\"><\/span><\/h2>\n<p>Casa de Pilatos is een paleis dat dateert uit de 15e eeuw en is gelegen in het historische centrum van Sevilla. Het paleis is vergelijkbaar met het Real Alc\u00e1zar, maar dan kleiner. Je vindt hier schattige patio\u2019s en de muren zijn gevuld met prachtige moza\u00efeken! Het is hier bovendien veel minder druk dan bij Real Alc\u00e1zar.<\/p>\n<p>Locatie: <a href=\"https:\/\/goo.gl\/maps\/inwdDqvG4t8vhdUt5\" target=\"_blank\" rel=\"noopener noreferrer\">Klik hier<\/a><\/p>\n<p><img loading=\"lazy\" decoding=\"async\" class=\"alignnone size-large wp-image-2275\" src=\"https:\/\/esjaw2wge86.exactdn.com\/nl\/wp-content\/uploads\/sites\/2\/2020\/03\/IMG_9488-1024x683.jpg?strip=all\" alt=\"Instagram spots Andalusi\u00eb\" width=\"1024\" height=\"683\" srcset=\"https:\/\/esjaw2wge86.exactdn.com\/nl\/wp-content\/uploads\/sites\/2\/2020\/03\/IMG_9488-1024x683.jpg?strip=all 1024w, https:\/\/esjaw2wge86.exactdn.com\/nl\/wp-content\/uploads\/sites\/2\/2020\/03\/IMG_9488-300x200.jpg?strip=all 300w, https:\/\/esjaw2wge86.exactdn.com\/nl\/wp-content\/uploads\/sites\/2\/2020\/03\/IMG_9488-768x512.jpg?strip=all 768w, https:\/\/esjaw2wge86.exactdn.com\/nl\/wp-content\/uploads\/sites\/2\/2020\/03\/IMG_9488-1536x1024.jpg?strip=all 1536w, https:\/\/esjaw2wge86.exactdn.com\/nl\/wp-content\/uploads\/sites\/2\/2020\/03\/IMG_9488-2048x1365.jpg?strip=all 2048w, https:\/\/esjaw2wge86.exactdn.com\/nl\/wp-content\/uploads\/sites\/2\/2020\/03\/IMG_9488-1920x1280.jpg?strip=all 1920w, https:\/\/esjaw2wge86.exactdn.com\/nl\/wp-content\/uploads\/sites\/2\/2020\/03\/IMG_9488-600x400.jpg?strip=all 600w, https:\/\/esjaw2wge86.exactdn.com\/nl\/wp-content\/uploads\/sites\/2\/2020\/03\/IMG_9488-800x533.jpg?strip=all 800w, https:\/\/esjaw2wge86.exactdn.com\/nl\/wp-content\/uploads\/sites\/2\/2020\/03\/IMG_9488-227x152.jpg?strip=all 227w, https:\/\/esjaw2wge86.exactdn.com\/nl\/wp-content\/uploads\/sites\/2\/2020\/03\/IMG_9488-143x96.jpg?strip=all 143w, https:\/\/esjaw2wge86.exactdn.com\/nl\/wp-content\/uploads\/sites\/2\/2020\/03\/IMG_9488-585x390.jpg?strip=all 585w, https:\/\/esjaw2wge86.exactdn.com\/nl\/wp-content\/uploads\/sites\/2\/2020\/03\/IMG_9488-385x257.jpg?strip=all 385w, https:\/\/esjaw2wge86.exactdn.com\/nl\/wp-content\/uploads\/sites\/2\/2020\/03\/IMG_9488-scaled.jpg?strip=all&amp;w=512 512w, https:\/\/esjaw2wge86.exactdn.com\/nl\/wp-content\/uploads\/sites\/2\/2020\/03\/IMG_9488-scaled.jpg?strip=all 2560w, https:\/\/esjaw2wge86.exactdn.com\/nl\/wp-content\/uploads\/sites\/2\/2020\/03\/IMG_9488-scaled.jpg?strip=all&amp;w=450 450w\" sizes=\"(max-width: 1024px) 100vw, 1024px\" \/><\/p>\n<h2><span class=\"ez-toc-section\" id=\"10_Souvenirshop_in_Cordoba\"><\/span>10. Souvenirshop in C\u00f3rdoba<span class=\"ez-toc-section-end\"><\/span><\/h2>\n<p>Het centrum van C\u00f3rdoba is ontzettend kleurrijk en beschikt over talloze leuke straatjes. Waar je ook loopt, overal zie je leuke plekjes om een foto te maken. Een leuk plekje vind je in Calle Cardenal Herrero. Hier vind je een souvenirwinkeltje met keramische borden en potten, waarvoor je een prachtige foto kunt maken!<\/p>\n<p>Locatie: <a href=\"https:\/\/goo.gl\/maps\/B48BNSVfrBEKKGPJ7\" target=\"_blank\" rel=\"noopener noreferrer\">Klik hier<\/a><\/p>\n<p><img loading=\"lazy\" decoding=\"async\" class=\"alignnone size-large wp-image-2278\" src=\"https:\/\/esjaw2wge86.exactdn.com\/nl\/wp-content\/uploads\/sites\/2\/2020\/03\/IMG_8776-1024x683.jpg?strip=all\" alt=\"Souvenirshop in C\u00f3rdoba\" width=\"1024\" height=\"683\" srcset=\"https:\/\/esjaw2wge86.exactdn.com\/nl\/wp-content\/uploads\/sites\/2\/2020\/03\/IMG_8776-1024x683.jpg?strip=all 1024w, https:\/\/esjaw2wge86.exactdn.com\/nl\/wp-content\/uploads\/sites\/2\/2020\/03\/IMG_8776-300x200.jpg?strip=all 300w, https:\/\/esjaw2wge86.exactdn.com\/nl\/wp-content\/uploads\/sites\/2\/2020\/03\/IMG_8776-768x512.jpg?strip=all 768w, https:\/\/esjaw2wge86.exactdn.com\/nl\/wp-content\/uploads\/sites\/2\/2020\/03\/IMG_8776-1536x1024.jpg?strip=all 1536w, https:\/\/esjaw2wge86.exactdn.com\/nl\/wp-content\/uploads\/sites\/2\/2020\/03\/IMG_8776-2048x1365.jpg?strip=all 2048w, https:\/\/esjaw2wge86.exactdn.com\/nl\/wp-content\/uploads\/sites\/2\/2020\/03\/IMG_8776-1920x1280.jpg?strip=all 1920w, https:\/\/esjaw2wge86.exactdn.com\/nl\/wp-content\/uploads\/sites\/2\/2020\/03\/IMG_8776-600x400.jpg?strip=all 600w, https:\/\/esjaw2wge86.exactdn.com\/nl\/wp-content\/uploads\/sites\/2\/2020\/03\/IMG_8776-800x533.jpg?strip=all 800w, https:\/\/esjaw2wge86.exactdn.com\/nl\/wp-content\/uploads\/sites\/2\/2020\/03\/IMG_8776-227x152.jpg?strip=all 227w, https:\/\/esjaw2wge86.exactdn.com\/nl\/wp-content\/uploads\/sites\/2\/2020\/03\/IMG_8776-143x96.jpg?strip=all 143w, https:\/\/esjaw2wge86.exactdn.com\/nl\/wp-content\/uploads\/sites\/2\/2020\/03\/IMG_8776-585x390.jpg?strip=all 585w, https:\/\/esjaw2wge86.exactdn.com\/nl\/wp-content\/uploads\/sites\/2\/2020\/03\/IMG_8776-385x257.jpg?strip=all 385w, https:\/\/esjaw2wge86.exactdn.com\/nl\/wp-content\/uploads\/sites\/2\/2020\/03\/IMG_8776-scaled.jpg?strip=all&amp;w=512 512w, https:\/\/esjaw2wge86.exactdn.com\/nl\/wp-content\/uploads\/sites\/2\/2020\/03\/IMG_8776-scaled.jpg?strip=all 2560w, https:\/\/esjaw2wge86.exactdn.com\/nl\/wp-content\/uploads\/sites\/2\/2020\/03\/IMG_8776-scaled.jpg?strip=all&amp;w=450 450w\" sizes=\"(max-width: 1024px) 100vw, 1024px\" \/><\/p>\n","protected":false},"excerpt":{"rendered":"<p>Andalusi\u00eb is een prachtige regio en je vindt hier een aantal mooie steden, zoals Sevilla, C\u00f3rdoba en Ronda met vele \u201cInstagrammable\u201d fotospots. In dit artikel vind je 10 Instagram en foto spots in Andalusi\u00eb. Als je geen Instagram hebt, dan kun je deze foto&#8217;s natuurlijk ook gebruiken voor in je fotoalbum! Tip: Ik bewerk al [&hellip;]<\/p>\n","protected":false},"author":1,"featured_media":2275,"comment_status":"open","ping_status":"open","sticky":false,"template":"","format":"standard","meta":{"footnotes":""},"categories":[124,26,125,25],"tags":[156],"class_list":["post-2274","post","type-post","status-publish","format-standard","has-post-thumbnail","hentry","category-andalusie","category-cordoba","category-ronda","category-sevilla","tag-tips"],"yoast_head":"<!-- This site is optimized with the Yoast SEO plugin v27.5 - https:\/\/yoast.com\/product\/yoast-seo-wordpress\/ -->\n<title>Tip: 10x Instagram &amp; foto spots in Andalusi\u00eb | TRAVELDICTED<\/title>\n<meta name=\"description\" content=\"Beste spots voor de perfecte Instagram foto in Andalusi\u00eb: Plaza de Espa\u00f1a &amp; Plaza de Toros in Sevilla, de Mezquita in C\u00f3rdoba, Puente Nuevo in Ronda &amp; meer!\" \/>\n<meta name=\"robots\" content=\"index, follow, max-snippet:-1, max-image-preview:large, max-video-preview:-1\" \/>\n<link rel=\"canonical\" href=\"https:\/\/www.traveldicted.com\/nl\/europa\/spanje\/andalusie\/tip-10x-instagram-foto-spots-in-andalusie\/\" \/>\n<meta property=\"og:locale\" content=\"nl_NL\" \/>\n<meta property=\"og:type\" content=\"article\" \/>\n<meta property=\"og:title\" content=\"Tip: 10x Instagram &amp; foto spots in Andalusi\u00eb | TRAVELDICTED\" \/>\n<meta property=\"og:description\" content=\"Beste spots voor de perfecte Instagram foto in Andalusi\u00eb: Plaza de Espa\u00f1a &amp; Plaza de Toros in Sevilla, de Mezquita in C\u00f3rdoba, Puente Nuevo in Ronda &amp; meer!\" \/>\n<meta property=\"og:url\" content=\"https:\/\/www.traveldicted.com\/nl\/europa\/spanje\/andalusie\/tip-10x-instagram-foto-spots-in-andalusie\/\" \/>\n<meta property=\"og:site_name\" content=\"TRAVELDICTED\" \/>\n<meta property=\"article:author\" content=\"https:\/\/www.facebook.com\/TRAVELDICTEDCOM\" \/>\n<meta property=\"article:published_time\" content=\"2019-10-18T10:35:38+00:00\" \/>\n<meta property=\"article:modified_time\" content=\"2020-03-29T13:31:04+00:00\" \/>\n<meta property=\"og:image\" content=\"https:\/\/www.traveldicted.com\/nl\/wp-content\/uploads\/sites\/2\/2020\/03\/IMG_9488-scaled.jpg\" \/>\n\t<meta property=\"og:image:width\" content=\"2560\" \/>\n\t<meta property=\"og:image:height\" content=\"1707\" \/>\n\t<meta property=\"og:image:type\" content=\"image\/jpeg\" \/>\n<meta name=\"author\" content=\"Romy\" \/>\n<meta name=\"twitter:card\" content=\"summary_large_image\" \/>\n<meta name=\"twitter:label1\" content=\"Geschreven door\" \/>\n\t<meta name=\"twitter:data1\" content=\"Romy\" \/>\n\t<meta name=\"twitter:label2\" content=\"Geschatte leestijd\" \/>\n\t<meta name=\"twitter:data2\" content=\"4 minuten\" \/>\n<script type=\"application\/ld+json\" class=\"yoast-schema-graph\">{\"@context\":\"https:\\\/\\\/schema.org\",\"@graph\":[{\"@type\":\"Article\",\"@id\":\"https:\\\/\\\/www.traveldicted.com\\\/nl\\\/europa\\\/spanje\\\/andalusie\\\/tip-10x-instagram-foto-spots-in-andalusie\\\/#article\",\"isPartOf\":{\"@id\":\"https:\\\/\\\/www.traveldicted.com\\\/nl\\\/europa\\\/spanje\\\/andalusie\\\/tip-10x-instagram-foto-spots-in-andalusie\\\/\"},\"author\":{\"name\":\"Romy\",\"@id\":\"https:\\\/\\\/www.traveldicted.com\\\/nl\\\/#\\\/schema\\\/person\\\/aa01a1c551a31bae30320505abec7345\"},\"headline\":\"Tip: 10x Instagram &#038; foto spots in Andalusi\u00eb\",\"datePublished\":\"2019-10-18T10:35:38+00:00\",\"dateModified\":\"2020-03-29T13:31:04+00:00\",\"mainEntityOfPage\":{\"@id\":\"https:\\\/\\\/www.traveldicted.com\\\/nl\\\/europa\\\/spanje\\\/andalusie\\\/tip-10x-instagram-foto-spots-in-andalusie\\\/\"},\"wordCount\":894,\"commentCount\":0,\"publisher\":{\"@id\":\"https:\\\/\\\/www.traveldicted.com\\\/nl\\\/#organization\"},\"image\":{\"@id\":\"https:\\\/\\\/www.traveldicted.com\\\/nl\\\/europa\\\/spanje\\\/andalusie\\\/tip-10x-instagram-foto-spots-in-andalusie\\\/#primaryimage\"},\"thumbnailUrl\":\"https:\\\/\\\/esjaw2wge86.exactdn.com\\\/nl\\\/wp-content\\\/uploads\\\/sites\\\/2\\\/2020\\\/03\\\/IMG_9488-scaled.jpg?strip=all\",\"keywords\":[\"Tips\"],\"articleSection\":[\"Andalusi\u00eb\",\"C\u00f3rdoba\",\"Ronda\",\"Sevilla\"],\"inLanguage\":\"nl-NL\",\"potentialAction\":[{\"@type\":\"CommentAction\",\"name\":\"Comment\",\"target\":[\"https:\\\/\\\/www.traveldicted.com\\\/nl\\\/europa\\\/spanje\\\/andalusie\\\/tip-10x-instagram-foto-spots-in-andalusie\\\/#respond\"]}]},{\"@type\":\"WebPage\",\"@id\":\"https:\\\/\\\/www.traveldicted.com\\\/nl\\\/europa\\\/spanje\\\/andalusie\\\/tip-10x-instagram-foto-spots-in-andalusie\\\/\",\"url\":\"https:\\\/\\\/www.traveldicted.com\\\/nl\\\/europa\\\/spanje\\\/andalusie\\\/tip-10x-instagram-foto-spots-in-andalusie\\\/\",\"name\":\"Tip: 10x Instagram & foto spots in Andalusi\u00eb | TRAVELDICTED\",\"isPartOf\":{\"@id\":\"https:\\\/\\\/www.traveldicted.com\\\/nl\\\/#website\"},\"primaryImageOfPage\":{\"@id\":\"https:\\\/\\\/www.traveldicted.com\\\/nl\\\/europa\\\/spanje\\\/andalusie\\\/tip-10x-instagram-foto-spots-in-andalusie\\\/#primaryimage\"},\"image\":{\"@id\":\"https:\\\/\\\/www.traveldicted.com\\\/nl\\\/europa\\\/spanje\\\/andalusie\\\/tip-10x-instagram-foto-spots-in-andalusie\\\/#primaryimage\"},\"thumbnailUrl\":\"https:\\\/\\\/esjaw2wge86.exactdn.com\\\/nl\\\/wp-content\\\/uploads\\\/sites\\\/2\\\/2020\\\/03\\\/IMG_9488-scaled.jpg?strip=all\",\"datePublished\":\"2019-10-18T10:35:38+00:00\",\"dateModified\":\"2020-03-29T13:31:04+00:00\",\"description\":\"Beste spots voor de perfecte Instagram foto in Andalusi\u00eb: Plaza de Espa\u00f1a & Plaza de Toros in Sevilla, de Mezquita in C\u00f3rdoba, Puente Nuevo in Ronda & meer!\",\"breadcrumb\":{\"@id\":\"https:\\\/\\\/www.traveldicted.com\\\/nl\\\/europa\\\/spanje\\\/andalusie\\\/tip-10x-instagram-foto-spots-in-andalusie\\\/#breadcrumb\"},\"inLanguage\":\"nl-NL\",\"potentialAction\":[{\"@type\":\"ReadAction\",\"target\":[\"https:\\\/\\\/www.traveldicted.com\\\/nl\\\/europa\\\/spanje\\\/andalusie\\\/tip-10x-instagram-foto-spots-in-andalusie\\\/\"]}]},{\"@type\":\"ImageObject\",\"inLanguage\":\"nl-NL\",\"@id\":\"https:\\\/\\\/www.traveldicted.com\\\/nl\\\/europa\\\/spanje\\\/andalusie\\\/tip-10x-instagram-foto-spots-in-andalusie\\\/#primaryimage\",\"url\":\"https:\\\/\\\/esjaw2wge86.exactdn.com\\\/nl\\\/wp-content\\\/uploads\\\/sites\\\/2\\\/2020\\\/03\\\/IMG_9488-scaled.jpg?strip=all\",\"contentUrl\":\"https:\\\/\\\/esjaw2wge86.exactdn.com\\\/nl\\\/wp-content\\\/uploads\\\/sites\\\/2\\\/2020\\\/03\\\/IMG_9488-scaled.jpg?strip=all\",\"width\":2560,\"height\":1707,\"caption\":\"Instagram spots Andalusi\u00eb\"},{\"@type\":\"BreadcrumbList\",\"@id\":\"https:\\\/\\\/www.traveldicted.com\\\/nl\\\/europa\\\/spanje\\\/andalusie\\\/tip-10x-instagram-foto-spots-in-andalusie\\\/#breadcrumb\",\"itemListElement\":[{\"@type\":\"ListItem\",\"position\":1,\"name\":\"Home\",\"item\":\"https:\\\/\\\/www.traveldicted.com\\\/nl\\\/\"},{\"@type\":\"ListItem\",\"position\":2,\"name\":\"Europa\",\"item\":\"https:\\\/\\\/www.traveldicted.com\\\/nl\\\/europa\\\/\"},{\"@type\":\"ListItem\",\"position\":3,\"name\":\"Spanje\",\"item\":\"https:\\\/\\\/www.traveldicted.com\\\/nl\\\/europa\\\/spanje\\\/\"},{\"@type\":\"ListItem\",\"position\":4,\"name\":\"Andalusi\u00eb\",\"item\":\"https:\\\/\\\/www.traveldicted.com\\\/nl\\\/europa\\\/spanje\\\/andalusie\\\/\"},{\"@type\":\"ListItem\",\"position\":5,\"name\":\"Tip: 10x Instagram &#038; foto spots in Andalusi\u00eb\"}]},{\"@type\":\"WebSite\",\"@id\":\"https:\\\/\\\/www.traveldicted.com\\\/nl\\\/#website\",\"url\":\"https:\\\/\\\/www.traveldicted.com\\\/nl\\\/\",\"name\":\"TRAVELDICTED\",\"description\":\"\",\"publisher\":{\"@id\":\"https:\\\/\\\/www.traveldicted.com\\\/nl\\\/#organization\"},\"potentialAction\":[{\"@type\":\"SearchAction\",\"target\":{\"@type\":\"EntryPoint\",\"urlTemplate\":\"https:\\\/\\\/www.traveldicted.com\\\/nl\\\/?s={search_term_string}\"},\"query-input\":{\"@type\":\"PropertyValueSpecification\",\"valueRequired\":true,\"valueName\":\"search_term_string\"}}],\"inLanguage\":\"nl-NL\"},{\"@type\":\"Organization\",\"@id\":\"https:\\\/\\\/www.traveldicted.com\\\/nl\\\/#organization\",\"name\":\"TRAVELDICTED\",\"url\":\"https:\\\/\\\/www.traveldicted.com\\\/nl\\\/\",\"logo\":{\"@type\":\"ImageObject\",\"inLanguage\":\"nl-NL\",\"@id\":\"https:\\\/\\\/www.traveldicted.com\\\/nl\\\/#\\\/schema\\\/logo\\\/image\\\/\",\"url\":\"https:\\\/\\\/www.traveldicted.com\\\/nl\\\/wp-content\\\/uploads\\\/sites\\\/2\\\/2020\\\/01\\\/logo-150x60-1.png\",\"contentUrl\":\"https:\\\/\\\/www.traveldicted.com\\\/nl\\\/wp-content\\\/uploads\\\/sites\\\/2\\\/2020\\\/01\\\/logo-150x60-1.png\",\"width\":150,\"height\":60,\"caption\":\"TRAVELDICTED\"},\"image\":{\"@id\":\"https:\\\/\\\/www.traveldicted.com\\\/nl\\\/#\\\/schema\\\/logo\\\/image\\\/\"}},{\"@type\":\"Person\",\"@id\":\"https:\\\/\\\/www.traveldicted.com\\\/nl\\\/#\\\/schema\\\/person\\\/aa01a1c551a31bae30320505abec7345\",\"name\":\"Romy\",\"image\":{\"@type\":\"ImageObject\",\"inLanguage\":\"nl-NL\",\"@id\":\"https:\\\/\\\/secure.gravatar.com\\\/avatar\\\/345eb67d727bcb108edf92e7a42fd92afba3e5469868c52c14268ba1203a7d87?s=96&d=mm&r=g\",\"url\":\"https:\\\/\\\/secure.gravatar.com\\\/avatar\\\/345eb67d727bcb108edf92e7a42fd92afba3e5469868c52c14268ba1203a7d87?s=96&d=mm&r=g\",\"contentUrl\":\"https:\\\/\\\/secure.gravatar.com\\\/avatar\\\/345eb67d727bcb108edf92e7a42fd92afba3e5469868c52c14268ba1203a7d87?s=96&d=mm&r=g\",\"caption\":\"Romy\"},\"sameAs\":[\"https:\\\/\\\/www.traveldicted.com\",\"https:\\\/\\\/www.facebook.com\\\/TRAVELDICTEDCOM\",\"https:\\\/\\\/www.instagram.com\\\/travel.dicted\\\/\",\"https:\\\/\\\/nl.linkedin.com\\\/in\\\/romyvangenderen\",\"https:\\\/\\\/www.youtube.com\\\/@traveldicted\\\/videos\"],\"url\":\"https:\\\/\\\/www.traveldicted.com\\\/nl\\\/author\\\/romy\\\/\"}]}<\/script>\n<!-- \/ Yoast SEO plugin. -->","yoast_head_json":{"title":"Tip: 10x Instagram & foto spots in Andalusi\u00eb | TRAVELDICTED","description":"Beste spots voor de perfecte Instagram foto in Andalusi\u00eb: Plaza de Espa\u00f1a & Plaza de Toros in Sevilla, de Mezquita in C\u00f3rdoba, Puente Nuevo in Ronda & meer!","robots":{"index":"index","follow":"follow","max-snippet":"max-snippet:-1","max-image-preview":"max-image-preview:large","max-video-preview":"max-video-preview:-1"},"canonical":"https:\/\/www.traveldicted.com\/nl\/europa\/spanje\/andalusie\/tip-10x-instagram-foto-spots-in-andalusie\/","og_locale":"nl_NL","og_type":"article","og_title":"Tip: 10x Instagram & foto spots in Andalusi\u00eb | TRAVELDICTED","og_description":"Beste spots voor de perfecte Instagram foto in Andalusi\u00eb: Plaza de Espa\u00f1a & Plaza de Toros in Sevilla, de Mezquita in C\u00f3rdoba, Puente Nuevo in Ronda & meer!","og_url":"https:\/\/www.traveldicted.com\/nl\/europa\/spanje\/andalusie\/tip-10x-instagram-foto-spots-in-andalusie\/","og_site_name":"TRAVELDICTED","article_author":"https:\/\/www.facebook.com\/TRAVELDICTEDCOM","article_published_time":"2019-10-18T10:35:38+00:00","article_modified_time":"2020-03-29T13:31:04+00:00","og_image":[{"width":2560,"height":1707,"url":"https:\/\/www.traveldicted.com\/nl\/wp-content\/uploads\/sites\/2\/2020\/03\/IMG_9488-scaled.jpg","type":"image\/jpeg"}],"author":"Romy","twitter_card":"summary_large_image","twitter_misc":{"Geschreven door":"Romy","Geschatte leestijd":"4 minuten"},"schema":{"@context":"https:\/\/schema.org","@graph":[{"@type":"Article","@id":"https:\/\/www.traveldicted.com\/nl\/europa\/spanje\/andalusie\/tip-10x-instagram-foto-spots-in-andalusie\/#article","isPartOf":{"@id":"https:\/\/www.traveldicted.com\/nl\/europa\/spanje\/andalusie\/tip-10x-instagram-foto-spots-in-andalusie\/"},"author":{"name":"Romy","@id":"https:\/\/www.traveldicted.com\/nl\/#\/schema\/person\/aa01a1c551a31bae30320505abec7345"},"headline":"Tip: 10x Instagram &#038; foto spots in Andalusi\u00eb","datePublished":"2019-10-18T10:35:38+00:00","dateModified":"2020-03-29T13:31:04+00:00","mainEntityOfPage":{"@id":"https:\/\/www.traveldicted.com\/nl\/europa\/spanje\/andalusie\/tip-10x-instagram-foto-spots-in-andalusie\/"},"wordCount":894,"commentCount":0,"publisher":{"@id":"https:\/\/www.traveldicted.com\/nl\/#organization"},"image":{"@id":"https:\/\/www.traveldicted.com\/nl\/europa\/spanje\/andalusie\/tip-10x-instagram-foto-spots-in-andalusie\/#primaryimage"},"thumbnailUrl":"https:\/\/esjaw2wge86.exactdn.com\/nl\/wp-content\/uploads\/sites\/2\/2020\/03\/IMG_9488-scaled.jpg?strip=all","keywords":["Tips"],"articleSection":["Andalusi\u00eb","C\u00f3rdoba","Ronda","Sevilla"],"inLanguage":"nl-NL","potentialAction":[{"@type":"CommentAction","name":"Comment","target":["https:\/\/www.traveldicted.com\/nl\/europa\/spanje\/andalusie\/tip-10x-instagram-foto-spots-in-andalusie\/#respond"]}]},{"@type":"WebPage","@id":"https:\/\/www.traveldicted.com\/nl\/europa\/spanje\/andalusie\/tip-10x-instagram-foto-spots-in-andalusie\/","url":"https:\/\/www.traveldicted.com\/nl\/europa\/spanje\/andalusie\/tip-10x-instagram-foto-spots-in-andalusie\/","name":"Tip: 10x Instagram & foto spots in Andalusi\u00eb | TRAVELDICTED","isPartOf":{"@id":"https:\/\/www.traveldicted.com\/nl\/#website"},"primaryImageOfPage":{"@id":"https:\/\/www.traveldicted.com\/nl\/europa\/spanje\/andalusie\/tip-10x-instagram-foto-spots-in-andalusie\/#primaryimage"},"image":{"@id":"https:\/\/www.traveldicted.com\/nl\/europa\/spanje\/andalusie\/tip-10x-instagram-foto-spots-in-andalusie\/#primaryimage"},"thumbnailUrl":"https:\/\/esjaw2wge86.exactdn.com\/nl\/wp-content\/uploads\/sites\/2\/2020\/03\/IMG_9488-scaled.jpg?strip=all","datePublished":"2019-10-18T10:35:38+00:00","dateModified":"2020-03-29T13:31:04+00:00","description":"Beste spots voor de perfecte Instagram foto in Andalusi\u00eb: Plaza de Espa\u00f1a & Plaza de Toros in Sevilla, de Mezquita in C\u00f3rdoba, Puente Nuevo in Ronda & meer!","breadcrumb":{"@id":"https:\/\/www.traveldicted.com\/nl\/europa\/spanje\/andalusie\/tip-10x-instagram-foto-spots-in-andalusie\/#breadcrumb"},"inLanguage":"nl-NL","potentialAction":[{"@type":"ReadAction","target":["https:\/\/www.traveldicted.com\/nl\/europa\/spanje\/andalusie\/tip-10x-instagram-foto-spots-in-andalusie\/"]}]},{"@type":"ImageObject","inLanguage":"nl-NL","@id":"https:\/\/www.traveldicted.com\/nl\/europa\/spanje\/andalusie\/tip-10x-instagram-foto-spots-in-andalusie\/#primaryimage","url":"https:\/\/esjaw2wge86.exactdn.com\/nl\/wp-content\/uploads\/sites\/2\/2020\/03\/IMG_9488-scaled.jpg?strip=all","contentUrl":"https:\/\/esjaw2wge86.exactdn.com\/nl\/wp-content\/uploads\/sites\/2\/2020\/03\/IMG_9488-scaled.jpg?strip=all","width":2560,"height":1707,"caption":"Instagram spots Andalusi\u00eb"},{"@type":"BreadcrumbList","@id":"https:\/\/www.traveldicted.com\/nl\/europa\/spanje\/andalusie\/tip-10x-instagram-foto-spots-in-andalusie\/#breadcrumb","itemListElement":[{"@type":"ListItem","position":1,"name":"Home","item":"https:\/\/www.traveldicted.com\/nl\/"},{"@type":"ListItem","position":2,"name":"Europa","item":"https:\/\/www.traveldicted.com\/nl\/europa\/"},{"@type":"ListItem","position":3,"name":"Spanje","item":"https:\/\/www.traveldicted.com\/nl\/europa\/spanje\/"},{"@type":"ListItem","position":4,"name":"Andalusi\u00eb","item":"https:\/\/www.traveldicted.com\/nl\/europa\/spanje\/andalusie\/"},{"@type":"ListItem","position":5,"name":"Tip: 10x Instagram &#038; foto spots in Andalusi\u00eb"}]},{"@type":"WebSite","@id":"https:\/\/www.traveldicted.com\/nl\/#website","url":"https:\/\/www.traveldicted.com\/nl\/","name":"TRAVELDICTED","description":"","publisher":{"@id":"https:\/\/www.traveldicted.com\/nl\/#organization"},"potentialAction":[{"@type":"SearchAction","target":{"@type":"EntryPoint","urlTemplate":"https:\/\/www.traveldicted.com\/nl\/?s={search_term_string}"},"query-input":{"@type":"PropertyValueSpecification","valueRequired":true,"valueName":"search_term_string"}}],"inLanguage":"nl-NL"},{"@type":"Organization","@id":"https:\/\/www.traveldicted.com\/nl\/#organization","name":"TRAVELDICTED","url":"https:\/\/www.traveldicted.com\/nl\/","logo":{"@type":"ImageObject","inLanguage":"nl-NL","@id":"https:\/\/www.traveldicted.com\/nl\/#\/schema\/logo\/image\/","url":"https:\/\/www.traveldicted.com\/nl\/wp-content\/uploads\/sites\/2\/2020\/01\/logo-150x60-1.png","contentUrl":"https:\/\/www.traveldicted.com\/nl\/wp-content\/uploads\/sites\/2\/2020\/01\/logo-150x60-1.png","width":150,"height":60,"caption":"TRAVELDICTED"},"image":{"@id":"https:\/\/www.traveldicted.com\/nl\/#\/schema\/logo\/image\/"}},{"@type":"Person","@id":"https:\/\/www.traveldicted.com\/nl\/#\/schema\/person\/aa01a1c551a31bae30320505abec7345","name":"Romy","image":{"@type":"ImageObject","inLanguage":"nl-NL","@id":"https:\/\/secure.gravatar.com\/avatar\/345eb67d727bcb108edf92e7a42fd92afba3e5469868c52c14268ba1203a7d87?s=96&d=mm&r=g","url":"https:\/\/secure.gravatar.com\/avatar\/345eb67d727bcb108edf92e7a42fd92afba3e5469868c52c14268ba1203a7d87?s=96&d=mm&r=g","contentUrl":"https:\/\/secure.gravatar.com\/avatar\/345eb67d727bcb108edf92e7a42fd92afba3e5469868c52c14268ba1203a7d87?s=96&d=mm&r=g","caption":"Romy"},"sameAs":["https:\/\/www.traveldicted.com","https:\/\/www.facebook.com\/TRAVELDICTEDCOM","https:\/\/www.instagram.com\/travel.dicted\/","https:\/\/nl.linkedin.com\/in\/romyvangenderen","https:\/\/www.youtube.com\/@traveldicted\/videos"],"url":"https:\/\/www.traveldicted.com\/nl\/author\/romy\/"}]}},"_links":{"self":[{"href":"https:\/\/www.traveldicted.com\/nl\/wp-json\/wp\/v2\/posts\/2274","targetHints":{"allow":["GET"]}}],"collection":[{"href":"https:\/\/www.traveldicted.com\/nl\/wp-json\/wp\/v2\/posts"}],"about":[{"href":"https:\/\/www.traveldicted.com\/nl\/wp-json\/wp\/v2\/types\/post"}],"author":[{"embeddable":true,"href":"https:\/\/www.traveldicted.com\/nl\/wp-json\/wp\/v2\/users\/1"}],"replies":[{"embeddable":true,"href":"https:\/\/www.traveldicted.com\/nl\/wp-json\/wp\/v2\/comments?post=2274"}],"version-history":[{"count":0,"href":"https:\/\/www.traveldicted.com\/nl\/wp-json\/wp\/v2\/posts\/2274\/revisions"}],"wp:featuredmedia":[{"embeddable":true,"href":"https:\/\/www.traveldicted.com\/nl\/wp-json\/wp\/v2\/media\/2275"}],"wp:attachment":[{"href":"https:\/\/www.traveldicted.com\/nl\/wp-json\/wp\/v2\/media?parent=2274"}],"wp:term":[{"taxonomy":"category","embeddable":true,"href":"https:\/\/www.traveldicted.com\/nl\/wp-json\/wp\/v2\/categories?post=2274"},{"taxonomy":"post_tag","embeddable":true,"href":"https:\/\/www.traveldicted.com\/nl\/wp-json\/wp\/v2\/tags?post=2274"}],"curies":[{"name":"wp","href":"https:\/\/api.w.org\/{rel}","templated":true}]}}